{"id":501,"date":"2021-04-06T12:14:44","date_gmt":"2021-04-06T12:14:44","guid":{"rendered":"http:\/\/firstlinedocumentary.de\/?p=501"},"modified":"2021-04-09T11:00:52","modified_gmt":"2021-04-09T11:00:52","slug":"first-line-on-demand","status":"publish","type":"post","link":"http:\/\/firstlinedocumentary.de\/?p=501","title":{"rendered":"First Line on Demand"},"content":{"rendered":"\n<figure class=\"wp-block-image size-large\"><a href=\"https:\/\/vimeo.com\/ondemand\/firstline\"><img fetchpriority=\"high\" decoding=\"async\" width=\"654\" height=\"236\" src=\"http:\/\/firstlinedocumentary.de\/wp-content\/uploads\/2021\/04\/Bildschirmfoto-2021-04-09-um-12.50.32.png\" alt=\"\" class=\"wp-image-509\" srcset=\"http:\/\/firstlinedocumentary.de\/wp-content\/uploads\/2021\/04\/Bildschirmfoto-2021-04-09-um-12.50.32.png 654w, http:\/\/firstlinedocumentary.de\/wp-content\/uploads\/2021\/04\/Bildschirmfoto-2021-04-09-um-12.50.32-300x108.png 300w, http:\/\/firstlinedocumentary.de\/wp-content\/uploads\/2021\/04\/Bildschirmfoto-2021-04-09-um-12.50.32-230x83.png 230w, http:\/\/firstlinedocumentary.de\/wp-content\/uploads\/2021\/04\/Bildschirmfoto-2021-04-09-um-12.50.32-350x126.png 350w, http:\/\/firstlinedocumentary.de\/wp-content\/uploads\/2021\/04\/Bildschirmfoto-2021-04-09-um-12.50.32-480x173.png 480w\" sizes=\"(max-width: 654px) 100vw, 654px\" \/><\/a><\/figure>\n\n\n\n<p>Seit der Premiere sind mehr als zwei Jahre vergangen, doch es gibt immer wieder Menschen, die mit gro\u00dfem Interesse nach dem Film fragen. Daher haben wir uns nun entschlossen den Film auch in Internet zu ver\u00f6ffentlichen.<\/p>\n\n\n\n<p>Wir freuen uns, wenn ihr den Film weiterempfehlt und freuen uns auch weiter auf Feedback zu dem Film.<\/p>\n\n\n\n<figure class=\"wp-block-embed is-type-video is-provider-vimeo wp-block-embed-vimeo wp-embed-aspect-16-9 wp-has-aspect-ratio\"><div class=\"wp-block-embed__wrapper\">\n<iframe title=\"First Line\" src=\"https:\/\/player.vimeo.com\/video\/533481362?dnt=1&amp;app_id=122963\" width=\"1170\" height=\"658\" frameborder=\"0\" allow=\"autoplay; fullscreen; picture-in-picture\" allowfullscreen><\/iframe>\n<\/div><\/figure>\n\n\n\n<p>Weiter Veranstaltungen mit einer anschlie\u00dfenden Podiumsdiskussion schlie\u00dfen wir nicht aus und w\u00fcrden uns freuen, wenn dies in Zukunft wieder stattfinden kann.<\/p>\n\n\n\n<p><\/p>\n","protected":false},"excerpt":{"rendered":"<p>Seit der Premiere sind mehr als zwei Jahre vergangen, doch es gibt immer wieder Menschen, die mit gro\u00dfem Interesse nach dem Film [&hellip;]<\/p>\n","protected":false},"author":1,"featured_media":511,"comment_status":"open","ping_status":"open","sticky":false,"template":"","format":"standard","meta":{"footnotes":""},"categories":[4,6],"tags":[],"class_list":["post-501","post","type-post","status-publish","format-standard","has-post-thumbnail","hentry","category-blog","category-news"],"_links":{"self":[{"href":"http:\/\/firstlinedocumentary.de\/index.php?rest_route=\/wp\/v2\/posts\/501","targetHints":{"allow":["GET"]}}],"collection":[{"href":"http:\/\/firstlinedocumentary.de\/index.php?rest_route=\/wp\/v2\/posts"}],"about":[{"href":"http:\/\/firstlinedocumentary.de\/index.php?rest_route=\/wp\/v2\/types\/post"}],"author":[{"embeddable":true,"href":"http:\/\/firstlinedocumentary.de\/index.php?rest_route=\/wp\/v2\/users\/1"}],"replies":[{"embeddable":true,"href":"http:\/\/firstlinedocumentary.de\/index.php?rest_route=%2Fwp%2Fv2%2Fcomments&post=501"}],"version-history":[{"count":5,"href":"http:\/\/firstlinedocumentary.de\/index.php?rest_route=\/wp\/v2\/posts\/501\/revisions"}],"predecessor-version":[{"id":513,"href":"http:\/\/firstlinedocumentary.de\/index.php?rest_route=\/wp\/v2\/posts\/501\/revisions\/513"}],"wp:featuredmedia":[{"embeddable":true,"href":"http:\/\/firstlinedocumentary.de\/index.php?rest_route=\/wp\/v2\/media\/511"}],"wp:attachment":[{"href":"http:\/\/firstlinedocumentary.de\/index.php?rest_route=%2Fwp%2Fv2%2Fmedia&parent=501"}],"wp:term":[{"taxonomy":"category","embeddable":true,"href":"http:\/\/firstlinedocumentary.de\/index.php?rest_route=%2Fwp%2Fv2%2Fcategories&post=501"},{"taxonomy":"post_tag","embeddable":true,"href":"http:\/\/firstlinedocumentary.de\/index.php?rest_route=%2Fwp%2Fv2%2Ftags&post=501"}],"curies":[{"name":"wp","href":"https:\/\/api.w.org\/{rel}","templated":true}]}}