{"id":415,"date":"2019-02-18T09:16:00","date_gmt":"2019-02-18T09:16:00","guid":{"rendered":"http:\/\/firstlinedocumentary.de\/?p=415"},"modified":"2019-12-09T13:56:07","modified_gmt":"2019-12-09T13:56:07","slug":"danke-kiel","status":"publish","type":"post","link":"http:\/\/firstlinedocumentary.de\/?p=415","title":{"rendered":"Danke Kiel!"},"content":{"rendered":"\n<p>Wow, 400 Menschen bei der Premiere am 12.02.2019 im Metro Kino in Kiel.<br>Wir sind \u00fcberw\u00e4ltigt, von dem gro\u00dfen Interesse an dem Film und dem regen Interesse an dem Thema.<\/p>\n\n\n\n<p>Danke an Catharina Nies f\u00fcr die Moderation und Stefan Schmidt, Fl\u00fcchtlingsbeauftragter Schleswig Holstein, f\u00fcr das Gru\u00dfwort. <\/p>\n\n\n\n<p>Herzlichen Dank an das Metro Kino im Schlosshof!<\/p>\n\n\n\n<p>Zum Zur\u00fcckerinnern hier ein paar Bilder der Premiere. Danke an <a href=\"https:\/\/arnelist.smugmug.com\/Arabic-Spring\/First-Line-Film-mit-Tarek-Saad\/n-qcchHN\/i-M2Mn7cL\">Arne List<\/a> f\u00fcr die Bereitstellung. <\/p>\n\n\n\n<figure class=\"wp-block-gallery columns-3 is-cropped wp-block-gallery-1 is-layout-flex wp-block-gallery-is-layout-flex\"><ul class=\"blocks-gallery-grid\"><li class=\"blocks-gallery-item\"><figure><img fetchpriority=\"high\" decoding=\"async\" width=\"1024\" height=\"768\" src=\"http:\/\/firstlinedocumentary.de\/wp-content\/uploads\/2019\/02\/i-FJ2vpgC-X2-1024x768.jpg\" alt=\"\" data-id=\"417\" data-link=\"http:\/\/firstlinedocumentary.de\/?attachment_id=417\" class=\"wp-image-417\" srcset=\"http:\/\/firstlinedocumentary.de\/wp-content\/uploads\/2019\/02\/i-FJ2vpgC-X2-1024x768.jpg 1024w, http:\/\/firstlinedocumentary.de\/wp-content\/uploads\/2019\/02\/i-FJ2vpgC-X2-300x225.jpg 300w, http:\/\/firstlinedocumentary.de\/wp-content\/uploads\/2019\/02\/i-FJ2vpgC-X2-768x576.jpg 768w, http:\/\/firstlinedocumentary.de\/wp-content\/uploads\/2019\/02\/i-FJ2vpgC-X2-830x623.jpg 830w, http:\/\/firstlinedocumentary.de\/wp-content\/uploads\/2019\/02\/i-FJ2vpgC-X2-230x173.jpg 230w, http:\/\/firstlinedocumentary.de\/wp-content\/uploads\/2019\/02\/i-FJ2vpgC-X2-350x263.jpg 350w, http:\/\/firstlinedocumentary.de\/wp-content\/uploads\/2019\/02\/i-FJ2vpgC-X2-480x360.jpg 480w, http:\/\/firstlinedocumentary.de\/wp-content\/uploads\/2019\/02\/i-FJ2vpgC-X2.jpg 1280w\" sizes=\"(max-width: 1024px) 100vw, 1024px\" \/><\/figure><\/li><li class=\"blocks-gallery-item\"><figure><img decoding=\"async\" width=\"1024\" height=\"768\" src=\"http:\/\/firstlinedocumentary.de\/wp-content\/uploads\/2019\/02\/i-pkCmjpB-X2-1024x768.jpg\" alt=\"\" data-id=\"418\" data-link=\"http:\/\/firstlinedocumentary.de\/?attachment_id=418\" class=\"wp-image-418\" srcset=\"http:\/\/firstlinedocumentary.de\/wp-content\/uploads\/2019\/02\/i-pkCmjpB-X2-1024x768.jpg 1024w, http:\/\/firstlinedocumentary.de\/wp-content\/uploads\/2019\/02\/i-pkCmjpB-X2-300x225.jpg 300w, http:\/\/firstlinedocumentary.de\/wp-content\/uploads\/2019\/02\/i-pkCmjpB-X2-768x576.jpg 768w, http:\/\/firstlinedocumentary.de\/wp-content\/uploads\/2019\/02\/i-pkCmjpB-X2-830x623.jpg 830w, http:\/\/firstlinedocumentary.de\/wp-content\/uploads\/2019\/02\/i-pkCmjpB-X2-230x173.jpg 230w, http:\/\/firstlinedocumentary.de\/wp-content\/uploads\/2019\/02\/i-pkCmjpB-X2-350x263.jpg 350w, http:\/\/firstlinedocumentary.de\/wp-content\/uploads\/2019\/02\/i-pkCmjpB-X2-480x360.jpg 480w, http:\/\/firstlinedocumentary.de\/wp-content\/uploads\/2019\/02\/i-pkCmjpB-X2.jpg 1280w\" sizes=\"(max-width: 1024px) 100vw, 1024px\" \/><\/figure><\/li><li class=\"blocks-gallery-item\"><figure><img decoding=\"async\" width=\"1024\" height=\"768\" src=\"http:\/\/firstlinedocumentary.de\/wp-content\/uploads\/2019\/02\/i-qSQrCkh-X2-1024x768.jpg\" alt=\"\" data-id=\"420\" data-link=\"http:\/\/firstlinedocumentary.de\/?attachment_id=420\" class=\"wp-image-420\" srcset=\"http:\/\/firstlinedocumentary.de\/wp-content\/uploads\/2019\/02\/i-qSQrCkh-X2-1024x768.jpg 1024w, http:\/\/firstlinedocumentary.de\/wp-content\/uploads\/2019\/02\/i-qSQrCkh-X2-300x225.jpg 300w, http:\/\/firstlinedocumentary.de\/wp-content\/uploads\/2019\/02\/i-qSQrCkh-X2-768x576.jpg 768w, http:\/\/firstlinedocumentary.de\/wp-content\/uploads\/2019\/02\/i-qSQrCkh-X2-830x623.jpg 830w, http:\/\/firstlinedocumentary.de\/wp-content\/uploads\/2019\/02\/i-qSQrCkh-X2-230x173.jpg 230w, http:\/\/firstlinedocumentary.de\/wp-content\/uploads\/2019\/02\/i-qSQrCkh-X2-350x263.jpg 350w, http:\/\/firstlinedocumentary.de\/wp-content\/uploads\/2019\/02\/i-qSQrCkh-X2-480x360.jpg 480w, http:\/\/firstlinedocumentary.de\/wp-content\/uploads\/2019\/02\/i-qSQrCkh-X2.jpg 1280w\" sizes=\"(max-width: 1024px) 100vw, 1024px\" \/><\/figure><\/li><li class=\"blocks-gallery-item\"><figure><img loading=\"lazy\" decoding=\"async\" width=\"1024\" height=\"768\" src=\"http:\/\/firstlinedocumentary.de\/wp-content\/uploads\/2019\/02\/i-vR4LXvH-X2-1024x768.jpg\" alt=\"\" data-id=\"421\" data-link=\"http:\/\/firstlinedocumentary.de\/?attachment_id=421\" class=\"wp-image-421\" srcset=\"http:\/\/firstlinedocumentary.de\/wp-content\/uploads\/2019\/02\/i-vR4LXvH-X2-1024x768.jpg 1024w, http:\/\/firstlinedocumentary.de\/wp-content\/uploads\/2019\/02\/i-vR4LXvH-X2-300x225.jpg 300w, http:\/\/firstlinedocumentary.de\/wp-content\/uploads\/2019\/02\/i-vR4LXvH-X2-768x576.jpg 768w, http:\/\/firstlinedocumentary.de\/wp-content\/uploads\/2019\/02\/i-vR4LXvH-X2-830x623.jpg 830w, http:\/\/firstlinedocumentary.de\/wp-content\/uploads\/2019\/02\/i-vR4LXvH-X2-230x173.jpg 230w, http:\/\/firstlinedocumentary.de\/wp-content\/uploads\/2019\/02\/i-vR4LXvH-X2-350x263.jpg 350w, http:\/\/firstlinedocumentary.de\/wp-content\/uploads\/2019\/02\/i-vR4LXvH-X2-480x360.jpg 480w, http:\/\/firstlinedocumentary.de\/wp-content\/uploads\/2019\/02\/i-vR4LXvH-X2.jpg 1280w\" sizes=\"(max-width: 1024px) 100vw, 1024px\" \/><\/figure><\/li><li class=\"blocks-gallery-item\"><figure><img loading=\"lazy\" decoding=\"async\" width=\"720\" height=\"960\" src=\"http:\/\/firstlinedocumentary.de\/wp-content\/uploads\/2019\/02\/i-wJJM2Cs-X2.jpg\" alt=\"\" data-id=\"422\" data-link=\"http:\/\/firstlinedocumentary.de\/?attachment_id=422\" class=\"wp-image-422\" srcset=\"http:\/\/firstlinedocumentary.de\/wp-content\/uploads\/2019\/02\/i-wJJM2Cs-X2.jpg 720w, http:\/\/firstlinedocumentary.de\/wp-content\/uploads\/2019\/02\/i-wJJM2Cs-X2-225x300.jpg 225w, http:\/\/firstlinedocumentary.de\/wp-content\/uploads\/2019\/02\/i-wJJM2Cs-X2-230x307.jpg 230w, http:\/\/firstlinedocumentary.de\/wp-content\/uploads\/2019\/02\/i-wJJM2Cs-X2-350x467.jpg 350w, http:\/\/firstlinedocumentary.de\/wp-content\/uploads\/2019\/02\/i-wJJM2Cs-X2-480x640.jpg 480w\" sizes=\"(max-width: 720px) 100vw, 720px\" \/><\/figure><\/li><li class=\"blocks-gallery-item\"><figure><img loading=\"lazy\" decoding=\"async\" width=\"720\" height=\"960\" src=\"http:\/\/firstlinedocumentary.de\/wp-content\/uploads\/2019\/02\/i-x7FkXDj-X2.jpg\" alt=\"\" data-id=\"423\" data-link=\"http:\/\/firstlinedocumentary.de\/?attachment_id=423\" class=\"wp-image-423\" srcset=\"http:\/\/firstlinedocumentary.de\/wp-content\/uploads\/2019\/02\/i-x7FkXDj-X2.jpg 720w, http:\/\/firstlinedocumentary.de\/wp-content\/uploads\/2019\/02\/i-x7FkXDj-X2-225x300.jpg 225w, http:\/\/firstlinedocumentary.de\/wp-content\/uploads\/2019\/02\/i-x7FkXDj-X2-230x307.jpg 230w, http:\/\/firstlinedocumentary.de\/wp-content\/uploads\/2019\/02\/i-x7FkXDj-X2-350x467.jpg 350w, http:\/\/firstlinedocumentary.de\/wp-content\/uploads\/2019\/02\/i-x7FkXDj-X2-480x640.jpg 480w\" sizes=\"(max-width: 720px) 100vw, 720px\" \/><\/figure><\/li><li class=\"blocks-gallery-item\"><figure><img loading=\"lazy\" decoding=\"async\" width=\"1024\" height=\"768\" src=\"http:\/\/firstlinedocumentary.de\/wp-content\/uploads\/2019\/02\/i-ZfggvrL-X2-1024x768.jpg\" alt=\"\" data-id=\"424\" data-link=\"http:\/\/firstlinedocumentary.de\/?attachment_id=424\" class=\"wp-image-424\" srcset=\"http:\/\/firstlinedocumentary.de\/wp-content\/uploads\/2019\/02\/i-ZfggvrL-X2-1024x768.jpg 1024w, http:\/\/firstlinedocumentary.de\/wp-content\/uploads\/2019\/02\/i-ZfggvrL-X2-300x225.jpg 300w, http:\/\/firstlinedocumentary.de\/wp-content\/uploads\/2019\/02\/i-ZfggvrL-X2-768x576.jpg 768w, http:\/\/firstlinedocumentary.de\/wp-content\/uploads\/2019\/02\/i-ZfggvrL-X2-830x623.jpg 830w, http:\/\/firstlinedocumentary.de\/wp-content\/uploads\/2019\/02\/i-ZfggvrL-X2-230x173.jpg 230w, http:\/\/firstlinedocumentary.de\/wp-content\/uploads\/2019\/02\/i-ZfggvrL-X2-350x263.jpg 350w, http:\/\/firstlinedocumentary.de\/wp-content\/uploads\/2019\/02\/i-ZfggvrL-X2-480x360.jpg 480w, http:\/\/firstlinedocumentary.de\/wp-content\/uploads\/2019\/02\/i-ZfggvrL-X2.jpg 1280w\" sizes=\"(max-width: 1024px) 100vw, 1024px\" \/><\/figure><\/li><li class=\"blocks-gallery-item\"><figure><img loading=\"lazy\" decoding=\"async\" width=\"1024\" height=\"768\" src=\"http:\/\/firstlinedocumentary.de\/wp-content\/uploads\/2019\/02\/i-qHHd5V8-X2-1-1024x768.jpg\" alt=\"\" data-id=\"425\" data-link=\"http:\/\/firstlinedocumentary.de\/?attachment_id=425\" class=\"wp-image-425\" srcset=\"http:\/\/firstlinedocumentary.de\/wp-content\/uploads\/2019\/02\/i-qHHd5V8-X2-1-1024x768.jpg 1024w, http:\/\/firstlinedocumentary.de\/wp-content\/uploads\/2019\/02\/i-qHHd5V8-X2-1-300x225.jpg 300w, http:\/\/firstlinedocumentary.de\/wp-content\/uploads\/2019\/02\/i-qHHd5V8-X2-1-768x576.jpg 768w, http:\/\/firstlinedocumentary.de\/wp-content\/uploads\/2019\/02\/i-qHHd5V8-X2-1-830x623.jpg 830w, http:\/\/firstlinedocumentary.de\/wp-content\/uploads\/2019\/02\/i-qHHd5V8-X2-1-230x173.jpg 230w, http:\/\/firstlinedocumentary.de\/wp-content\/uploads\/2019\/02\/i-qHHd5V8-X2-1-350x263.jpg 350w, http:\/\/firstlinedocumentary.de\/wp-content\/uploads\/2019\/02\/i-qHHd5V8-X2-1-480x360.jpg 480w, http:\/\/firstlinedocumentary.de\/wp-content\/uploads\/2019\/02\/i-qHHd5V8-X2-1.jpg 1280w\" sizes=\"(max-width: 1024px) 100vw, 1024px\" \/><\/figure><\/li><li class=\"blocks-gallery-item\"><figure><img loading=\"lazy\" decoding=\"async\" width=\"1024\" height=\"768\" src=\"http:\/\/firstlinedocumentary.de\/wp-content\/uploads\/2019\/02\/i-vR4LXvH-X2-1-1024x768.jpg\" alt=\"\" data-id=\"426\" data-link=\"http:\/\/firstlinedocumentary.de\/?attachment_id=426\" class=\"wp-image-426\" srcset=\"http:\/\/firstlinedocumentary.de\/wp-content\/uploads\/2019\/02\/i-vR4LXvH-X2-1-1024x768.jpg 1024w, http:\/\/firstlinedocumentary.de\/wp-content\/uploads\/2019\/02\/i-vR4LXvH-X2-1-300x225.jpg 300w, http:\/\/firstlinedocumentary.de\/wp-content\/uploads\/2019\/02\/i-vR4LXvH-X2-1-768x576.jpg 768w, http:\/\/firstlinedocumentary.de\/wp-content\/uploads\/2019\/02\/i-vR4LXvH-X2-1-830x623.jpg 830w, http:\/\/firstlinedocumentary.de\/wp-content\/uploads\/2019\/02\/i-vR4LXvH-X2-1-230x173.jpg 230w, http:\/\/firstlinedocumentary.de\/wp-content\/uploads\/2019\/02\/i-vR4LXvH-X2-1-350x263.jpg 350w, http:\/\/firstlinedocumentary.de\/wp-content\/uploads\/2019\/02\/i-vR4LXvH-X2-1-480x360.jpg 480w, http:\/\/firstlinedocumentary.de\/wp-content\/uploads\/2019\/02\/i-vR4LXvH-X2-1.jpg 1280w\" sizes=\"(max-width: 1024px) 100vw, 1024px\" \/><\/figure><\/li><\/ul><\/figure>\n","protected":false},"excerpt":{"rendered":"<p>Wow, 400 Menschen bei der Premiere am 12.02.2019 im Metro Kino in Kiel.Wir sind \u00fcberw\u00e4ltigt, von dem gro\u00dfen Interesse an dem Film [&hellip;]<\/p>\n","protected":false},"author":1,"featured_media":424,"comment_status":"open","ping_status":"open","sticky":false,"template":"","format":"standard","meta":{"footnotes":""},"categories":[4],"tags":[],"class_list":["post-415","post","type-post","status-publish","format-standard","has-post-thumbnail","hentry","category-blog"],"_links":{"self":[{"href":"http:\/\/firstlinedocumentary.de\/index.php?rest_route=\/wp\/v2\/posts\/415","targetHints":{"allow":["GET"]}}],"collection":[{"href":"http:\/\/firstlinedocumentary.de\/index.php?rest_route=\/wp\/v2\/posts"}],"about":[{"href":"http:\/\/firstlinedocumentary.de\/index.php?rest_route=\/wp\/v2\/types\/post"}],"author":[{"embeddable":true,"href":"http:\/\/firstlinedocumentary.de\/index.php?rest_route=\/wp\/v2\/users\/1"}],"replies":[{"embeddable":true,"href":"http:\/\/firstlinedocumentary.de\/index.php?rest_route=%2Fwp%2Fv2%2Fcomments&post=415"}],"version-history":[{"count":2,"href":"http:\/\/firstlinedocumentary.de\/index.php?rest_route=\/wp\/v2\/posts\/415\/revisions"}],"predecessor-version":[{"id":470,"href":"http:\/\/firstlinedocumentary.de\/index.php?rest_route=\/wp\/v2\/posts\/415\/revisions\/470"}],"wp:featuredmedia":[{"embeddable":true,"href":"http:\/\/firstlinedocumentary.de\/index.php?rest_route=\/wp\/v2\/media\/424"}],"wp:attachment":[{"href":"http:\/\/firstlinedocumentary.de\/index.php?rest_route=%2Fwp%2Fv2%2Fmedia&parent=415"}],"wp:term":[{"taxonomy":"category","embeddable":true,"href":"http:\/\/firstlinedocumentary.de\/index.php?rest_route=%2Fwp%2Fv2%2Fcategories&post=415"},{"taxonomy":"post_tag","embeddable":true,"href":"http:\/\/firstlinedocumentary.de\/index.php?rest_route=%2Fwp%2Fv2%2Ftags&post=415"}],"curies":[{"name":"wp","href":"https:\/\/api.w.org\/{rel}","templated":true}]}}